{"id":2593,"date":"2019-11-07T10:15:15","date_gmt":"2019-11-07T10:15:15","guid":{"rendered":"http:\/\/www.francarman.hr\/?p=2593"},"modified":"2019-11-07T10:17:39","modified_gmt":"2019-11-07T10:17:39","slug":"u-neponovljivim-okusima-mlade-malvazije-osjetimo-svu-kisu-sunce-vjetar-i-ljubav-ulozenu-u-posao","status":"publish","type":"post","link":"https:\/\/www.francarman.hr\/en\/u-neponovljivim-okusima-mlade-malvazije-osjetimo-svu-kisu-sunce-vjetar-i-ljubav-ulozenu-u-posao\/","title":{"rendered":"U neponovljivim okusima mlade malvazije osjetimo svu ki\u0161u, sunce, vjetar i ljubav ulo\u017eenu u posao"},"content":{"rendered":"<p>Svje\u017ea, \u017eivahna, harmoni\u010dnog okusa, s primjesom vo\u0107ne note. Tako se mo\u017ee opisati na\u0161a ovogodi\u0161nja mlada malvazija u dane kada nam se pribli\u017eava blagdan Svetog Martina, i kada u Istri slavimo &#8220;dane mladega vina&#8221;. Martinje je velik i va\u017ean dan za nas vinare koji \u017eivimo i di\u0161emo za na\u0161e vinograde, za svaki grozd kojim nas priroda nagradi. To je vrijeme kada zaokru\u017eujemo cjelinu svih na\u0161ih napora i bezgrani\u010dne ljubavi s kojom radimo svoj posao. Vrijeme kada je na\u0161a mlada istarska malvazija zavr\u0161ila s fermentacijom, i kada u tim prvim okusima osjetimo svu ki\u0161u, sunce i vjetar s kojima je gro\u017e\u0111e dozrijevalo te sav na\u0161 trud koji smo ulo\u017eili u proces proizvodnje.<br \/>\nOkusi mlade Franc Arman malvazije neponovljivi su. S vremenom ti okusi i vo\u0107ne note evoluiraju, a vino dose\u017ee svoju zrelost. No sada je trenutak kada niz grlo klize lagane esencije mladoga vina, a vinogradi tonu u san za neke budu\u0107e iznimne trenutke.<br \/>\nI\u0161\u010dekujemo, tako, 11. studenog i blagdan Sv. Martina koji se smatra za\u0161titnikom vina i vinara. Martin je bio biskup, ro\u0111en na podru\u010dju dana\u0161nje Ma\u0111arske, gdje se njegov otac, rimski \u010dasnik, doselio zbog vojne slu\u017ebe. I Martin je po \u017eelji oca tako\u0111er postao vojnik i \u010dasnik, no toga se odrekao kada je prihvatio kr\u0161\u0107anstvo. Bio je poznat po tome \u0161to je za \u017eivota pomagao mnogim siromasima i bespomo\u0107nima, a legenda ka\u017ee da je bio i veliki ljubitelj vina, zbog \u010dega je, mogu\u0107e, odabran upravo za sveca za\u0161titnika vinogradarstva. Na na\u0161im prostorima odavna postoji obi\u010daj da se na Martinje krsti mlado vino, i tada se u svim krajevima Hrvatske organiziraju velike fe\u0161te. U Vi\u017einadi \u0107emo ove godine tako\u0111er fe\u0161tati. Kod nas se ovaj blagdan zove Martinja, pa vas pozivamo da do\u0111ete 16. studenog u Vi\u017einadu na proslavu najva\u017enijeg vinarskog blagdana, na kojoj \u0107e se predstaviti vinari s podru\u010dja Vi\u017einade, i na kojoj \u0107emo s ponosom prezentirati Franc Arman mladu malvaziju.<\/p>","protected":false},"excerpt":{"rendered":"<p class=\"qtranxs-available-languages-message qtranxs-available-languages-message-en\">Sorry, this entry is only available in <a href=\"https:\/\/www.francarman.hr\/hr\/wp-json\/wp\/v2\/posts\/2593\" class=\"qtranxs-available-language-link qtranxs-available-language-link-hr\" title=\"Hrvatski\">Croatian<\/a>.<\/p>\n","protected":false},"author":2,"featured_media":2595,"comment_status":"open","ping_status":"open","sticky":false,"template":"","format":"standard","meta":{"footnotes":""},"categories":[17],"tags":[45,39,46],"yoast_head":"<!-- This site is optimized with the Yoast SEO plugin v22.3 - https:\/\/yoast.com\/wordpress\/plugins\/seo\/ -->\n<title>U neponovljivim okusima mlade malvazije osjetimo svu ki\u0161u, sunce, vjetar i ljubav ulo\u017eenu u posao - Franc Arman<\/title>\n<meta name=\"description\" content=\"Svje\u017ea, \u017eivahna, harmoni\u010dnog okusa, s primjesom vo\u0107ne note. Tako se mo\u017ee opisati na\u0161a ovogodi\u0161nja mlada malvazija u dane kada nam se pribli\u017eava blagdan Svetog Martina, i kada u Istri slavimo &quot;dane mladega vina&quot;.\" \/>\n<meta name=\"robots\" content=\"index, follow, max-snippet:-1, max-image-preview:large, max-video-preview:-1\" \/>\n<link rel=\"canonical\" href=\"https:\/\/www.francarman.hr\/u-neponovljivim-okusima-mlade-malvazije-osjetimo-svu-kisu-sunce-vjetar-i-ljubav-ulozenu-u-posao\/\" \/>\n<meta property=\"og:locale\" content=\"en_US\" \/>\n<meta property=\"og:type\" content=\"article\" \/>\n<meta property=\"og:title\" content=\"U neponovljivim okusima mlade malvazije osjetimo svu ki\u0161u, sunce, vjetar i ljubav ulo\u017eenu u posao - Franc Arman\" \/>\n<meta property=\"og:description\" content=\"Svje\u017ea, \u017eivahna, harmoni\u010dnog okusa, s primjesom vo\u0107ne note. Tako se mo\u017ee opisati na\u0161a ovogodi\u0161nja mlada malvazija u dane kada nam se pribli\u017eava blagdan Svetog Martina, i kada u Istri slavimo &quot;dane mladega vina&quot;.\" \/>\n<meta property=\"og:url\" content=\"https:\/\/www.francarman.hr\/u-neponovljivim-okusima-mlade-malvazije-osjetimo-svu-kisu-sunce-vjetar-i-ljubav-ulozenu-u-posao\/\" \/>\n<meta property=\"og:site_name\" content=\"Franc Arman\" \/>\n<meta property=\"article:published_time\" content=\"2019-11-07T10:15:15+00:00\" \/>\n<meta property=\"article:modified_time\" content=\"2019-11-07T10:17:39+00:00\" \/>\n<meta property=\"og:image\" content=\"https:\/\/www.francarman.hr\/wp-content\/uploads\/2019\/11\/72990705_2365556720363961_7893477568752386048_o.jpg\" \/>\n\t<meta property=\"og:image:width\" content=\"1600\" \/>\n\t<meta property=\"og:image:height\" content=\"848\" \/>\n\t<meta property=\"og:image:type\" content=\"image\/jpeg\" \/>\n<meta name=\"author\" content=\"Branka Mihaljinec\" \/>\n<meta name=\"twitter:card\" content=\"summary_large_image\" \/>\n<meta name=\"twitter:label1\" content=\"Written by\" \/>\n\t<meta name=\"twitter:data1\" content=\"Branka Mihaljinec\" \/>\n\t<meta name=\"twitter:label2\" content=\"Est. reading time\" \/>\n\t<meta name=\"twitter:data2\" content=\"7 minutes\" \/>\n<script type=\"application\/ld+json\" class=\"yoast-schema-graph\">{\"@context\":\"https:\/\/schema.org\",\"@graph\":[{\"@type\":\"WebPage\",\"@id\":\"https:\/\/www.francarman.hr\/u-neponovljivim-okusima-mlade-malvazije-osjetimo-svu-kisu-sunce-vjetar-i-ljubav-ulozenu-u-posao\/\",\"url\":\"https:\/\/www.francarman.hr\/u-neponovljivim-okusima-mlade-malvazije-osjetimo-svu-kisu-sunce-vjetar-i-ljubav-ulozenu-u-posao\/\",\"name\":\"U neponovljivim okusima mlade malvazije osjetimo svu ki\u0161u, sunce, vjetar i ljubav ulo\u017eenu u posao - Franc Arman\",\"isPartOf\":{\"@id\":\"https:\/\/www.francarman.hr\/#website\"},\"primaryImageOfPage\":{\"@id\":\"https:\/\/www.francarman.hr\/u-neponovljivim-okusima-mlade-malvazije-osjetimo-svu-kisu-sunce-vjetar-i-ljubav-ulozenu-u-posao\/#primaryimage\"},\"image\":{\"@id\":\"https:\/\/www.francarman.hr\/u-neponovljivim-okusima-mlade-malvazije-osjetimo-svu-kisu-sunce-vjetar-i-ljubav-ulozenu-u-posao\/#primaryimage\"},\"thumbnailUrl\":\"https:\/\/www.francarman.hr\/wp-content\/uploads\/2019\/11\/72990705_2365556720363961_7893477568752386048_o.jpg\",\"datePublished\":\"2019-11-07T10:15:15+00:00\",\"dateModified\":\"2019-11-07T10:17:39+00:00\",\"author\":{\"@id\":\"https:\/\/www.francarman.hr\/#\/schema\/person\/18d140ca10915cdd898b19bb905c6af9\"},\"description\":\"Svje\u017ea, \u017eivahna, harmoni\u010dnog okusa, s primjesom vo\u0107ne note. Tako se mo\u017ee opisati na\u0161a ovogodi\u0161nja mlada malvazija u dane kada nam se pribli\u017eava blagdan Svetog Martina, i kada u Istri slavimo \\\"dane mladega vina\\\".\",\"breadcrumb\":{\"@id\":\"https:\/\/www.francarman.hr\/u-neponovljivim-okusima-mlade-malvazije-osjetimo-svu-kisu-sunce-vjetar-i-ljubav-ulozenu-u-posao\/#breadcrumb\"},\"inLanguage\":\"en-US\",\"potentialAction\":[{\"@type\":\"ReadAction\",\"target\":[\"https:\/\/www.francarman.hr\/u-neponovljivim-okusima-mlade-malvazije-osjetimo-svu-kisu-sunce-vjetar-i-ljubav-ulozenu-u-posao\/\"]}]},{\"@type\":\"ImageObject\",\"inLanguage\":\"en-US\",\"@id\":\"https:\/\/www.francarman.hr\/u-neponovljivim-okusima-mlade-malvazije-osjetimo-svu-kisu-sunce-vjetar-i-ljubav-ulozenu-u-posao\/#primaryimage\",\"url\":\"https:\/\/www.francarman.hr\/wp-content\/uploads\/2019\/11\/72990705_2365556720363961_7893477568752386048_o.jpg\",\"contentUrl\":\"https:\/\/www.francarman.hr\/wp-content\/uploads\/2019\/11\/72990705_2365556720363961_7893477568752386048_o.jpg\",\"width\":1600,\"height\":848},{\"@type\":\"BreadcrumbList\",\"@id\":\"https:\/\/www.francarman.hr\/u-neponovljivim-okusima-mlade-malvazije-osjetimo-svu-kisu-sunce-vjetar-i-ljubav-ulozenu-u-posao\/#breadcrumb\",\"itemListElement\":[{\"@type\":\"ListItem\",\"position\":1,\"name\":\"Po\u010detna stranica\",\"item\":\"https:\/\/www.francarman.hr\/\"},{\"@type\":\"ListItem\",\"position\":2,\"name\":\"U neponovljivim okusima mlade malvazije osjetimo svu ki\u0161u, sunce, vjetar i ljubav ulo\u017eenu u posao\"}]},{\"@type\":\"WebSite\",\"@id\":\"https:\/\/www.francarman.hr\/#website\",\"url\":\"https:\/\/www.francarman.hr\/\",\"name\":\"Franc Arman\",\"description\":\"vrhunsko vino za vrhunske u\u017eitke\",\"potentialAction\":[{\"@type\":\"SearchAction\",\"target\":{\"@type\":\"EntryPoint\",\"urlTemplate\":\"https:\/\/www.francarman.hr\/?s={search_term_string}\"},\"query-input\":\"required name=search_term_string\"}],\"inLanguage\":\"en-US\"},{\"@type\":\"Person\",\"@id\":\"https:\/\/www.francarman.hr\/#\/schema\/person\/18d140ca10915cdd898b19bb905c6af9\",\"name\":\"Branka Mihaljinec\",\"image\":{\"@type\":\"ImageObject\",\"inLanguage\":\"en-US\",\"@id\":\"https:\/\/www.francarman.hr\/#\/schema\/person\/image\/\",\"url\":\"https:\/\/secure.gravatar.com\/avatar\/dced5059cee047ca0a4981041b52ef44?s=96&d=mm&r=g\",\"contentUrl\":\"https:\/\/secure.gravatar.com\/avatar\/dced5059cee047ca0a4981041b52ef44?s=96&d=mm&r=g\",\"caption\":\"Branka Mihaljinec\"},\"sameAs\":[\"http:\/\/francarman.hr\"],\"url\":\"https:\/\/www.francarman.hr\/en\/author\/branka_mihaljinec\/\"}]}<\/script>\n<!-- \/ Yoast SEO plugin. -->","yoast_head_json":{"title":"U neponovljivim okusima mlade malvazije osjetimo svu ki\u0161u, sunce, vjetar i ljubav ulo\u017eenu u posao - Franc Arman","description":"Svje\u017ea, \u017eivahna, harmoni\u010dnog okusa, s primjesom vo\u0107ne note. Tako se mo\u017ee opisati na\u0161a ovogodi\u0161nja mlada malvazija u dane kada nam se pribli\u017eava blagdan Svetog Martina, i kada u Istri slavimo \"dane mladega vina\".","robots":{"index":"index","follow":"follow","max-snippet":"max-snippet:-1","max-image-preview":"max-image-preview:large","max-video-preview":"max-video-preview:-1"},"canonical":"https:\/\/www.francarman.hr\/u-neponovljivim-okusima-mlade-malvazije-osjetimo-svu-kisu-sunce-vjetar-i-ljubav-ulozenu-u-posao\/","og_locale":"en_US","og_type":"article","og_title":"U neponovljivim okusima mlade malvazije osjetimo svu ki\u0161u, sunce, vjetar i ljubav ulo\u017eenu u posao - Franc Arman","og_description":"Svje\u017ea, \u017eivahna, harmoni\u010dnog okusa, s primjesom vo\u0107ne note. Tako se mo\u017ee opisati na\u0161a ovogodi\u0161nja mlada malvazija u dane kada nam se pribli\u017eava blagdan Svetog Martina, i kada u Istri slavimo \"dane mladega vina\".","og_url":"https:\/\/www.francarman.hr\/u-neponovljivim-okusima-mlade-malvazije-osjetimo-svu-kisu-sunce-vjetar-i-ljubav-ulozenu-u-posao\/","og_site_name":"Franc Arman","article_published_time":"2019-11-07T10:15:15+00:00","article_modified_time":"2019-11-07T10:17:39+00:00","og_image":[{"width":1600,"height":848,"url":"https:\/\/www.francarman.hr\/wp-content\/uploads\/2019\/11\/72990705_2365556720363961_7893477568752386048_o.jpg","type":"image\/jpeg"}],"author":"Branka Mihaljinec","twitter_card":"summary_large_image","twitter_misc":{"Written by":"Branka Mihaljinec","Est. reading time":"7 minutes"},"schema":{"@context":"https:\/\/schema.org","@graph":[{"@type":"WebPage","@id":"https:\/\/www.francarman.hr\/u-neponovljivim-okusima-mlade-malvazije-osjetimo-svu-kisu-sunce-vjetar-i-ljubav-ulozenu-u-posao\/","url":"https:\/\/www.francarman.hr\/u-neponovljivim-okusima-mlade-malvazije-osjetimo-svu-kisu-sunce-vjetar-i-ljubav-ulozenu-u-posao\/","name":"U neponovljivim okusima mlade malvazije osjetimo svu ki\u0161u, sunce, vjetar i ljubav ulo\u017eenu u posao - Franc Arman","isPartOf":{"@id":"https:\/\/www.francarman.hr\/#website"},"primaryImageOfPage":{"@id":"https:\/\/www.francarman.hr\/u-neponovljivim-okusima-mlade-malvazije-osjetimo-svu-kisu-sunce-vjetar-i-ljubav-ulozenu-u-posao\/#primaryimage"},"image":{"@id":"https:\/\/www.francarman.hr\/u-neponovljivim-okusima-mlade-malvazije-osjetimo-svu-kisu-sunce-vjetar-i-ljubav-ulozenu-u-posao\/#primaryimage"},"thumbnailUrl":"https:\/\/www.francarman.hr\/wp-content\/uploads\/2019\/11\/72990705_2365556720363961_7893477568752386048_o.jpg","datePublished":"2019-11-07T10:15:15+00:00","dateModified":"2019-11-07T10:17:39+00:00","author":{"@id":"https:\/\/www.francarman.hr\/#\/schema\/person\/18d140ca10915cdd898b19bb905c6af9"},"description":"Svje\u017ea, \u017eivahna, harmoni\u010dnog okusa, s primjesom vo\u0107ne note. Tako se mo\u017ee opisati na\u0161a ovogodi\u0161nja mlada malvazija u dane kada nam se pribli\u017eava blagdan Svetog Martina, i kada u Istri slavimo \"dane mladega vina\".","breadcrumb":{"@id":"https:\/\/www.francarman.hr\/u-neponovljivim-okusima-mlade-malvazije-osjetimo-svu-kisu-sunce-vjetar-i-ljubav-ulozenu-u-posao\/#breadcrumb"},"inLanguage":"en-US","potentialAction":[{"@type":"ReadAction","target":["https:\/\/www.francarman.hr\/u-neponovljivim-okusima-mlade-malvazije-osjetimo-svu-kisu-sunce-vjetar-i-ljubav-ulozenu-u-posao\/"]}]},{"@type":"ImageObject","inLanguage":"en-US","@id":"https:\/\/www.francarman.hr\/u-neponovljivim-okusima-mlade-malvazije-osjetimo-svu-kisu-sunce-vjetar-i-ljubav-ulozenu-u-posao\/#primaryimage","url":"https:\/\/www.francarman.hr\/wp-content\/uploads\/2019\/11\/72990705_2365556720363961_7893477568752386048_o.jpg","contentUrl":"https:\/\/www.francarman.hr\/wp-content\/uploads\/2019\/11\/72990705_2365556720363961_7893477568752386048_o.jpg","width":1600,"height":848},{"@type":"BreadcrumbList","@id":"https:\/\/www.francarman.hr\/u-neponovljivim-okusima-mlade-malvazije-osjetimo-svu-kisu-sunce-vjetar-i-ljubav-ulozenu-u-posao\/#breadcrumb","itemListElement":[{"@type":"ListItem","position":1,"name":"Po\u010detna stranica","item":"https:\/\/www.francarman.hr\/"},{"@type":"ListItem","position":2,"name":"U neponovljivim okusima mlade malvazije osjetimo svu ki\u0161u, sunce, vjetar i ljubav ulo\u017eenu u posao"}]},{"@type":"WebSite","@id":"https:\/\/www.francarman.hr\/#website","url":"https:\/\/www.francarman.hr\/","name":"Franc Arman","description":"vrhunsko vino za vrhunske u\u017eitke","potentialAction":[{"@type":"SearchAction","target":{"@type":"EntryPoint","urlTemplate":"https:\/\/www.francarman.hr\/?s={search_term_string}"},"query-input":"required name=search_term_string"}],"inLanguage":"en-US"},{"@type":"Person","@id":"https:\/\/www.francarman.hr\/#\/schema\/person\/18d140ca10915cdd898b19bb905c6af9","name":"Branka Mihaljinec","image":{"@type":"ImageObject","inLanguage":"en-US","@id":"https:\/\/www.francarman.hr\/#\/schema\/person\/image\/","url":"https:\/\/secure.gravatar.com\/avatar\/dced5059cee047ca0a4981041b52ef44?s=96&d=mm&r=g","contentUrl":"https:\/\/secure.gravatar.com\/avatar\/dced5059cee047ca0a4981041b52ef44?s=96&d=mm&r=g","caption":"Branka Mihaljinec"},"sameAs":["http:\/\/francarman.hr"],"url":"https:\/\/www.francarman.hr\/en\/author\/branka_mihaljinec\/"}]}},"_links":{"self":[{"href":"https:\/\/www.francarman.hr\/en\/wp-json\/wp\/v2\/posts\/2593"}],"collection":[{"href":"https:\/\/www.francarman.hr\/en\/wp-json\/wp\/v2\/posts"}],"about":[{"href":"https:\/\/www.francarman.hr\/en\/wp-json\/wp\/v2\/types\/post"}],"author":[{"embeddable":true,"href":"https:\/\/www.francarman.hr\/en\/wp-json\/wp\/v2\/users\/2"}],"replies":[{"embeddable":true,"href":"https:\/\/www.francarman.hr\/en\/wp-json\/wp\/v2\/comments?post=2593"}],"version-history":[{"count":2,"href":"https:\/\/www.francarman.hr\/en\/wp-json\/wp\/v2\/posts\/2593\/revisions"}],"predecessor-version":[{"id":2596,"href":"https:\/\/www.francarman.hr\/en\/wp-json\/wp\/v2\/posts\/2593\/revisions\/2596"}],"wp:featuredmedia":[{"embeddable":true,"href":"https:\/\/www.francarman.hr\/en\/wp-json\/wp\/v2\/media\/2595"}],"wp:attachment":[{"href":"https:\/\/www.francarman.hr\/en\/wp-json\/wp\/v2\/media?parent=2593"}],"wp:term":[{"taxonomy":"category","embeddable":true,"href":"https:\/\/www.francarman.hr\/en\/wp-json\/wp\/v2\/categories?post=2593"},{"taxonomy":"post_tag","embeddable":true,"href":"https:\/\/www.francarman.hr\/en\/wp-json\/wp\/v2\/tags?post=2593"}],"curies":[{"name":"wp","href":"https:\/\/api.w.org\/{rel}","templated":true}]}}