{"id":2666,"date":"2021-01-25T18:24:43","date_gmt":"2021-01-25T18:24:43","guid":{"rendered":"http:\/\/www.francarman.hr\/?p=2666"},"modified":"2021-01-25T18:28:43","modified_gmt":"2021-01-25T18:28:43","slug":"stvorena-je-nova-legenda-il-grande","status":"publish","type":"post","link":"https:\/\/www.francarman.hr\/en\/stvorena-je-nova-legenda-il-grande\/","title":{"rendered":"Stvorena je nova legenda &#8211; Il Grande"},"content":{"rendered":"<p>Legenda o<strong> Velom Jo\u017ei<\/strong> je o\u017eivjela. \u010cuveni div ponovno je s nama, i ako odlu\u010dite, mo\u017eete u\u017eivati u njegovom dru\u0161tvu kada po\u017eelite. Jasno nam je \u2013 \u017eelite znati kako je to mogu\u0107e? Pa poslu\u0161ajte na\u0161u pri\u010du&#8230;<\/p>\n<p><!--more--><\/p>\n<p>Nekada davno, davno, kada su Istrom hodali vilenjaci i divovi, zlo\u010desti, mali ljudi, ka\u017ee pri\u010da, ostavili su u svakom gradu po jednog diva da im slu\u017ei, nakon \u0161to su ostale potrovali. Tako se Veli Jo\u017ee zatekao u Motovunu, a patuljci su ga prezirali i omalova\u017eavali, tjeraju\u0107i ga na najte\u017ee poslove. A kada bi mu ti mali ljudi u\u010dinili ne\u0161to na\u017eao, mo\u0107ni je Veli Jo\u017ee ogor\u010den tresao motovunski zvonik. Iako velik i sna\u017ean, juna\u010dkog i plemenitog srca, ni\u0161ta drugo nije mogao u\u010diniti nego protresti taj zvonik. Sve do trenutka kada su ga poslali u Veneciju, kada je na putu do tamo na brodu upoznao galijota Iliju. Od njega je nau\u010dio \u0161to je to sloboda, pa se nakon brodoloma, u kojem je Ilija nestao, Veli Jo\u017ee vratio u Istru i pozvao druge divove na pobunu i oslobo\u0111enje od ropstva. I uspio je, pobuna je krenula, no ubrzo su patuljci uspjeli zavaditi divove, mite\u0107i ih zlatom i vinom. Na kraju su se svi vratili kao sluge u svoje gradove, a jedino je Veli Jo\u017ee ostao negdje u gorskim \u0161umama, \u010dekaju\u0107i svoj trenutak za toliko sanjanu i \u017eeljenu slobodu.<\/p>\n<p>Pa koliko ste puta, \u0161etaju\u0107i slikovitim istarskim krajolikom, po\u017eeljeli barem na tren ugledati siluetu Velog Jo\u017ee, znaju\u0107i pritom da se to ipak nikada ne\u0107e dogoditi, da je legenda ostala u pro\u0161losti.<\/p>\n<p>Ali&#8230; moramo vam otkriti jednu veliku tajnu. Legenda o Velom Jo\u017ei ponovno \u017eivi. Divovske ruke vi\u0161e ne tresu motovunski zvonik, no <strong>Veli Jo\u017ee ima novi \u017eivot<\/strong>. Mo\u017eete ga sresti i do\u017eivjeti u <strong>Nardu\u010dima pokraj Vi\u017einade<\/strong>, gdje se reinkarnirao kao<strong> Il Grande<\/strong>, vino divovske snage, u kojem se sjedinio <strong>mo\u0107an coupage terana, merlota i cabernet franca<\/strong>. <strong>Il Grande<\/strong> je sada zauvijek ovjekovje\u010den na etiketama na\u0161ih boca, u svakoj kapi jedinstvenog vinskog bouqueta koji sadr\u017ei elemente vi\u0161nji iz alkohola, borovnica, balzami\u010dne nijanse, duboke tonove ko\u017ee i duhana te visoke note svje\u017eeg, tamnog ljetnog vo\u0107a. U fini\u0161u svakog gutljaja ovog posebnog vina osjetit \u0107ete aromu crne \u010dokolade, a <strong>Il Grande<\/strong> svojom gustom, uljastom i \u010dvrstom strukturom, prepunom zrelih tanina, pru\u017ea osje\u0107aj kao da vas je doista obgrlila neka divovska snaga prirode, u svoj svojoj snazi i mo\u0107i o kojoj su se ispredale legende.<\/p>\n<p>I zato vas pozivamo \u2013 u\u0111ite u legendu. U dru\u0161tvo najve\u0107ih.<\/p>\n<p><img loading=\"lazy\" decoding=\"async\" class=\"alignnone size-medium wp-image-2664\" src=\"http:\/\/www.francarman.hr\/wp-content\/uploads\/2021\/01\/teran-il-grande-franc-arman-200x300.jpg\" alt=\"teran-il-grande-franc-arman\" width=\"200\" height=\"300\" srcset=\"https:\/\/www.francarman.hr\/wp-content\/uploads\/2021\/01\/teran-il-grande-franc-arman-200x300.jpg 200w, https:\/\/www.francarman.hr\/wp-content\/uploads\/2021\/01\/teran-il-grande-franc-arman-682x1024.jpg 682w, https:\/\/www.francarman.hr\/wp-content\/uploads\/2021\/01\/teran-il-grande-franc-arman-768x1154.jpg 768w, https:\/\/www.francarman.hr\/wp-content\/uploads\/2021\/01\/teran-il-grande-franc-arman-1022x1536.jpg 1022w, https:\/\/www.francarman.hr\/wp-content\/uploads\/2021\/01\/teran-il-grande-franc-arman-1363x2048.jpg 1363w, https:\/\/www.francarman.hr\/wp-content\/uploads\/2021\/01\/teran-il-grande-franc-arman.jpg 1704w\" sizes=\"(max-width: 200px) 100vw, 200px\" \/><img loading=\"lazy\" decoding=\"async\" class=\"alignnone size-medium wp-image-2665\" src=\"http:\/\/www.francarman.hr\/wp-content\/uploads\/2021\/01\/franc-arman-il-grande-1-300x300.jpg\" alt=\"franc-arman-il-grande\" width=\"300\" height=\"300\" srcset=\"https:\/\/www.francarman.hr\/wp-content\/uploads\/2021\/01\/franc-arman-il-grande-1-300x300.jpg 300w, https:\/\/www.francarman.hr\/wp-content\/uploads\/2021\/01\/franc-arman-il-grande-1-150x150.jpg 150w, https:\/\/www.francarman.hr\/wp-content\/uploads\/2021\/01\/franc-arman-il-grande-1-768x768.jpg 768w, https:\/\/www.francarman.hr\/wp-content\/uploads\/2021\/01\/franc-arman-il-grande-1.jpg 960w\" sizes=\"(max-width: 300px) 100vw, 300px\" \/><img loading=\"lazy\" decoding=\"async\" class=\"alignnone size-medium wp-image-2662\" src=\"http:\/\/www.francarman.hr\/wp-content\/uploads\/2021\/01\/franc-arman-il-grande-2-300x200.jpg\" alt=\"teran-merlot-franc-arman-grande\" width=\"300\" height=\"200\" srcset=\"https:\/\/www.francarman.hr\/wp-content\/uploads\/2021\/01\/franc-arman-il-grande-2-300x200.jpg 300w, https:\/\/www.francarman.hr\/wp-content\/uploads\/2021\/01\/franc-arman-il-grande-2-1024x682.jpg 1024w, https:\/\/www.francarman.hr\/wp-content\/uploads\/2021\/01\/franc-arman-il-grande-2-768x511.jpg 768w, https:\/\/www.francarman.hr\/wp-content\/uploads\/2021\/01\/franc-arman-il-grande-2-1536x1022.jpg 1536w, https:\/\/www.francarman.hr\/wp-content\/uploads\/2021\/01\/franc-arman-il-grande-2-2048x1363.jpg 2048w\" sizes=\"(max-width: 300px) 100vw, 300px\" \/><\/p>\n","protected":false},"excerpt":{"rendered":"<p>Legenda o Velom Jo\u017ei je o\u017eivjela. \u010cuveni div ponovno je s nama, i ako odlu\u010dite, mo\u017eete u\u017eivati u njegovom dru\u0161tvu kada po\u017eelite. Jasno nam je \u2013 \u017eelite znati kako je to mogu\u0107e? Pa poslu\u0161ajte na\u0161u pri\u010du&#8230;<\/p>\n","protected":false},"author":1,"featured_media":2662,"comment_status":"closed","ping_status":"open","sticky":false,"template":"","format":"standard","meta":{"footnotes":""},"categories":[17],"tags":[],"yoast_head":"<!-- This site is optimized with the Yoast SEO plugin v22.3 - https:\/\/yoast.com\/wordpress\/plugins\/seo\/ -->\n<title>Stvorena je nova legenda - Il Grande - Franc Arman<\/title>\n<meta name=\"robots\" content=\"index, follow, max-snippet:-1, max-image-preview:large, max-video-preview:-1\" \/>\n<link rel=\"canonical\" href=\"https:\/\/www.francarman.hr\/stvorena-je-nova-legenda-il-grande\/\" \/>\n<meta property=\"og:locale\" content=\"en_US\" \/>\n<meta property=\"og:type\" content=\"article\" \/>\n<meta property=\"og:title\" content=\"Stvorena je nova legenda - Il Grande - Franc Arman\" \/>\n<meta property=\"og:description\" content=\"Legenda o Velom Jo\u017ei je o\u017eivjela. \u010cuveni div ponovno je s nama, i ako odlu\u010dite, mo\u017eete u\u017eivati u njegovom dru\u0161tvu kada po\u017eelite. Jasno nam je \u2013 \u017eelite znati kako je to mogu\u0107e? Pa poslu\u0161ajte na\u0161u pri\u010du&#8230;\" \/>\n<meta property=\"og:url\" content=\"https:\/\/www.francarman.hr\/stvorena-je-nova-legenda-il-grande\/\" \/>\n<meta property=\"og:site_name\" content=\"Franc Arman\" \/>\n<meta property=\"article:published_time\" content=\"2021-01-25T18:24:43+00:00\" \/>\n<meta property=\"article:modified_time\" content=\"2021-01-25T18:28:43+00:00\" \/>\n<meta property=\"og:image\" content=\"https:\/\/www.francarman.hr\/wp-content\/uploads\/2021\/01\/franc-arman-il-grande-2-scaled.jpg\" \/>\n\t<meta property=\"og:image:width\" content=\"2560\" \/>\n\t<meta property=\"og:image:height\" content=\"1704\" \/>\n\t<meta property=\"og:image:type\" content=\"image\/jpeg\" \/>\n<meta name=\"author\" content=\"webpoint-fa\" \/>\n<meta name=\"twitter:card\" content=\"summary_large_image\" \/>\n<meta name=\"twitter:label1\" content=\"Written by\" \/>\n\t<meta name=\"twitter:data1\" content=\"webpoint-fa\" \/>\n\t<meta name=\"twitter:label2\" content=\"Est. reading time\" \/>\n\t<meta name=\"twitter:data2\" content=\"2 minutes\" \/>\n<script type=\"application\/ld+json\" class=\"yoast-schema-graph\">{\"@context\":\"https:\/\/schema.org\",\"@graph\":[{\"@type\":\"WebPage\",\"@id\":\"https:\/\/www.francarman.hr\/stvorena-je-nova-legenda-il-grande\/\",\"url\":\"https:\/\/www.francarman.hr\/stvorena-je-nova-legenda-il-grande\/\",\"name\":\"Stvorena je nova legenda - Il Grande - Franc Arman\",\"isPartOf\":{\"@id\":\"https:\/\/www.francarman.hr\/#website\"},\"primaryImageOfPage\":{\"@id\":\"https:\/\/www.francarman.hr\/stvorena-je-nova-legenda-il-grande\/#primaryimage\"},\"image\":{\"@id\":\"https:\/\/www.francarman.hr\/stvorena-je-nova-legenda-il-grande\/#primaryimage\"},\"thumbnailUrl\":\"https:\/\/www.francarman.hr\/wp-content\/uploads\/2021\/01\/franc-arman-il-grande-2-scaled.jpg\",\"datePublished\":\"2021-01-25T18:24:43+00:00\",\"dateModified\":\"2021-01-25T18:28:43+00:00\",\"author\":{\"@id\":\"https:\/\/www.francarman.hr\/#\/schema\/person\/0944db95392563c0094189b5ace1b08f\"},\"breadcrumb\":{\"@id\":\"https:\/\/www.francarman.hr\/stvorena-je-nova-legenda-il-grande\/#breadcrumb\"},\"inLanguage\":\"en-US\",\"potentialAction\":[{\"@type\":\"ReadAction\",\"target\":[\"https:\/\/www.francarman.hr\/stvorena-je-nova-legenda-il-grande\/\"]}]},{\"@type\":\"ImageObject\",\"inLanguage\":\"en-US\",\"@id\":\"https:\/\/www.francarman.hr\/stvorena-je-nova-legenda-il-grande\/#primaryimage\",\"url\":\"https:\/\/www.francarman.hr\/wp-content\/uploads\/2021\/01\/franc-arman-il-grande-2-scaled.jpg\",\"contentUrl\":\"https:\/\/www.francarman.hr\/wp-content\/uploads\/2021\/01\/franc-arman-il-grande-2-scaled.jpg\",\"width\":2560,\"height\":1704,\"caption\":\"teran-merlot-franc-arman-grande\"},{\"@type\":\"BreadcrumbList\",\"@id\":\"https:\/\/www.francarman.hr\/stvorena-je-nova-legenda-il-grande\/#breadcrumb\",\"itemListElement\":[{\"@type\":\"ListItem\",\"position\":1,\"name\":\"Po\u010detna stranica\",\"item\":\"https:\/\/www.francarman.hr\/\"},{\"@type\":\"ListItem\",\"position\":2,\"name\":\"Stvorena je nova legenda &#8211; Il Grande\"}]},{\"@type\":\"WebSite\",\"@id\":\"https:\/\/www.francarman.hr\/#website\",\"url\":\"https:\/\/www.francarman.hr\/\",\"name\":\"Franc Arman\",\"description\":\"vrhunsko vino za vrhunske u\u017eitke\",\"potentialAction\":[{\"@type\":\"SearchAction\",\"target\":{\"@type\":\"EntryPoint\",\"urlTemplate\":\"https:\/\/www.francarman.hr\/?s={search_term_string}\"},\"query-input\":\"required name=search_term_string\"}],\"inLanguage\":\"en-US\"},{\"@type\":\"Person\",\"@id\":\"https:\/\/www.francarman.hr\/#\/schema\/person\/0944db95392563c0094189b5ace1b08f\",\"name\":\"webpoint-fa\",\"image\":{\"@type\":\"ImageObject\",\"inLanguage\":\"en-US\",\"@id\":\"https:\/\/www.francarman.hr\/#\/schema\/person\/image\/\",\"url\":\"https:\/\/secure.gravatar.com\/avatar\/ee92c2599a599fec8a73393884aad06f?s=96&d=mm&r=g\",\"contentUrl\":\"https:\/\/secure.gravatar.com\/avatar\/ee92c2599a599fec8a73393884aad06f?s=96&d=mm&r=g\",\"caption\":\"webpoint-fa\"},\"url\":\"https:\/\/www.francarman.hr\/en\/author\/webpoint-fa\/\"}]}<\/script>\n<!-- \/ Yoast SEO plugin. -->","yoast_head_json":{"title":"Stvorena je nova legenda - Il Grande - Franc Arman","robots":{"index":"index","follow":"follow","max-snippet":"max-snippet:-1","max-image-preview":"max-image-preview:large","max-video-preview":"max-video-preview:-1"},"canonical":"https:\/\/www.francarman.hr\/stvorena-je-nova-legenda-il-grande\/","og_locale":"en_US","og_type":"article","og_title":"Stvorena je nova legenda - Il Grande - Franc Arman","og_description":"Legenda o Velom Jo\u017ei je o\u017eivjela. \u010cuveni div ponovno je s nama, i ako odlu\u010dite, mo\u017eete u\u017eivati u njegovom dru\u0161tvu kada po\u017eelite. Jasno nam je \u2013 \u017eelite znati kako je to mogu\u0107e? Pa poslu\u0161ajte na\u0161u pri\u010du&#8230;","og_url":"https:\/\/www.francarman.hr\/stvorena-je-nova-legenda-il-grande\/","og_site_name":"Franc Arman","article_published_time":"2021-01-25T18:24:43+00:00","article_modified_time":"2021-01-25T18:28:43+00:00","og_image":[{"width":2560,"height":1704,"url":"https:\/\/www.francarman.hr\/wp-content\/uploads\/2021\/01\/franc-arman-il-grande-2-scaled.jpg","type":"image\/jpeg"}],"author":"webpoint-fa","twitter_card":"summary_large_image","twitter_misc":{"Written by":"webpoint-fa","Est. reading time":"2 minutes"},"schema":{"@context":"https:\/\/schema.org","@graph":[{"@type":"WebPage","@id":"https:\/\/www.francarman.hr\/stvorena-je-nova-legenda-il-grande\/","url":"https:\/\/www.francarman.hr\/stvorena-je-nova-legenda-il-grande\/","name":"Stvorena je nova legenda - Il Grande - Franc Arman","isPartOf":{"@id":"https:\/\/www.francarman.hr\/#website"},"primaryImageOfPage":{"@id":"https:\/\/www.francarman.hr\/stvorena-je-nova-legenda-il-grande\/#primaryimage"},"image":{"@id":"https:\/\/www.francarman.hr\/stvorena-je-nova-legenda-il-grande\/#primaryimage"},"thumbnailUrl":"https:\/\/www.francarman.hr\/wp-content\/uploads\/2021\/01\/franc-arman-il-grande-2-scaled.jpg","datePublished":"2021-01-25T18:24:43+00:00","dateModified":"2021-01-25T18:28:43+00:00","author":{"@id":"https:\/\/www.francarman.hr\/#\/schema\/person\/0944db95392563c0094189b5ace1b08f"},"breadcrumb":{"@id":"https:\/\/www.francarman.hr\/stvorena-je-nova-legenda-il-grande\/#breadcrumb"},"inLanguage":"en-US","potentialAction":[{"@type":"ReadAction","target":["https:\/\/www.francarman.hr\/stvorena-je-nova-legenda-il-grande\/"]}]},{"@type":"ImageObject","inLanguage":"en-US","@id":"https:\/\/www.francarman.hr\/stvorena-je-nova-legenda-il-grande\/#primaryimage","url":"https:\/\/www.francarman.hr\/wp-content\/uploads\/2021\/01\/franc-arman-il-grande-2-scaled.jpg","contentUrl":"https:\/\/www.francarman.hr\/wp-content\/uploads\/2021\/01\/franc-arman-il-grande-2-scaled.jpg","width":2560,"height":1704,"caption":"teran-merlot-franc-arman-grande"},{"@type":"BreadcrumbList","@id":"https:\/\/www.francarman.hr\/stvorena-je-nova-legenda-il-grande\/#breadcrumb","itemListElement":[{"@type":"ListItem","position":1,"name":"Po\u010detna stranica","item":"https:\/\/www.francarman.hr\/"},{"@type":"ListItem","position":2,"name":"Stvorena je nova legenda &#8211; Il Grande"}]},{"@type":"WebSite","@id":"https:\/\/www.francarman.hr\/#website","url":"https:\/\/www.francarman.hr\/","name":"Franc Arman","description":"vrhunsko vino za vrhunske u\u017eitke","potentialAction":[{"@type":"SearchAction","target":{"@type":"EntryPoint","urlTemplate":"https:\/\/www.francarman.hr\/?s={search_term_string}"},"query-input":"required name=search_term_string"}],"inLanguage":"en-US"},{"@type":"Person","@id":"https:\/\/www.francarman.hr\/#\/schema\/person\/0944db95392563c0094189b5ace1b08f","name":"webpoint-fa","image":{"@type":"ImageObject","inLanguage":"en-US","@id":"https:\/\/www.francarman.hr\/#\/schema\/person\/image\/","url":"https:\/\/secure.gravatar.com\/avatar\/ee92c2599a599fec8a73393884aad06f?s=96&d=mm&r=g","contentUrl":"https:\/\/secure.gravatar.com\/avatar\/ee92c2599a599fec8a73393884aad06f?s=96&d=mm&r=g","caption":"webpoint-fa"},"url":"https:\/\/www.francarman.hr\/en\/author\/webpoint-fa\/"}]}},"_links":{"self":[{"href":"https:\/\/www.francarman.hr\/en\/wp-json\/wp\/v2\/posts\/2666"}],"collection":[{"href":"https:\/\/www.francarman.hr\/en\/wp-json\/wp\/v2\/posts"}],"about":[{"href":"https:\/\/www.francarman.hr\/en\/wp-json\/wp\/v2\/types\/post"}],"author":[{"embeddable":true,"href":"https:\/\/www.francarman.hr\/en\/wp-json\/wp\/v2\/users\/1"}],"replies":[{"embeddable":true,"href":"https:\/\/www.francarman.hr\/en\/wp-json\/wp\/v2\/comments?post=2666"}],"version-history":[{"count":3,"href":"https:\/\/www.francarman.hr\/en\/wp-json\/wp\/v2\/posts\/2666\/revisions"}],"predecessor-version":[{"id":2669,"href":"https:\/\/www.francarman.hr\/en\/wp-json\/wp\/v2\/posts\/2666\/revisions\/2669"}],"wp:featuredmedia":[{"embeddable":true,"href":"https:\/\/www.francarman.hr\/en\/wp-json\/wp\/v2\/media\/2662"}],"wp:attachment":[{"href":"https:\/\/www.francarman.hr\/en\/wp-json\/wp\/v2\/media?parent=2666"}],"wp:term":[{"taxonomy":"category","embeddable":true,"href":"https:\/\/www.francarman.hr\/en\/wp-json\/wp\/v2\/categories?post=2666"},{"taxonomy":"post_tag","embeddable":true,"href":"https:\/\/www.francarman.hr\/en\/wp-json\/wp\/v2\/tags?post=2666"}],"curies":[{"name":"wp","href":"https:\/\/api.w.org\/{rel}","templated":true}]}}